{"id":10569,"date":"2023-07-01T18:07:00","date_gmt":"2023-07-01T15:07:00","guid":{"rendered":"https:\/\/www.liberlaoferte.ro\/?p=10569"},"modified":"2023-07-11T22:21:09","modified_gmt":"2023-07-11T19:21:09","slug":"merem-la-america-expozitie-foto-documentara-la-muzeul-national-cotroceni","status":"publish","type":"post","link":"https:\/\/www.liberlaoferte.ro\/en\/merem-la-america-expozitie-foto-documentara-la-muzeul-national-cotroceni\/","title":{"rendered":"\u201eMerem la America!\u201d \u2013 expozi\u021bie foto-documentar\u0103, la Muzeul Na\u021bional Cotroceni"},"content":{"rendered":"<p class=\"wp-block-paragraph\"><strong>Muzeul Na\u021bional Cotroceni <\/strong>verniseaz\u0103 vineri, 7 iulie 2023, ora 12.00, \u00een Spa\u021biile Medievale, expozi\u021bia foto-documentar\u0103 <strong>\u201eMerem la America!\u201d<\/strong>, aduc\u00e2nd \u00een aten\u021bia publicului istoria migra\u021biei rom\u00e2ne\u0219ti \u00een Statele Unite ale Americii, de la sf\u00e2r\u0219itul secolului al XIX-lea \u0219i p\u00e2n\u0103 la \u00eenceputul secolului al XX-lea.<\/p>\n\n\n\n<p class=\"wp-block-paragraph\">Expozi\u021bia spune povestea emigran\u021bilor rom\u00e2ni \u0219i a primelor comunit\u0103\u021bi rom\u00e2ne\u0219ti formate pe teritoriul nord-american. Sunt detaliate categoriile socio-profesionale, zonele din care rom\u00e2nii au pornit la drum, rolul \u0219i prezen\u021ba bisericii \u00een s\u00e2nul comunit\u0103\u021bilor, constituirea primelor societ\u0103\u021bi rom\u00e2ne\u0219ti de \u00eentrajutorare, asocia\u021biile culturale, cet\u0103\u021bene\u0219ti etc. Informa\u021biile pe care le ve\u021bi reg\u0103si \u00een acest proiect expozi\u021bional includ \u0219i motivele emigr\u0103rii rom\u00e2nilor, fie ele de ordin economic, social sau politic, noile ocupa\u021bii \u0219i formele de socializare.<\/p>\n\n\n\n<p class=\"wp-block-paragraph\">Un moment important marcat de aceast\u0103 expozi\u021bie este c\u0103l\u0103toria Reginei Maria \u00een Statele Unite ale Americii, din perioada 18 octombrie-24 noiembrie 1926. Sunt eviden\u021biate \u00eent\u00e2lnirile Reginei cu autorit\u0103\u021bile americane, vizitele \u00een comunit\u0103\u021bile rom\u00e2ne\u0219ti, dar \u0219i impresiile Suveranei despre aceast\u0103 vizit\u0103 istoric\u0103, ce a schimbat imaginea Rom\u00e2niei \u00een ochii mai-marilor lumii.<\/p>\n\n\n\n<p class=\"wp-block-paragraph\">Expozi\u021bia <strong>\u201eMerem la America!\u201d <\/strong>este organizat\u0103 de Muzeul Na\u021bional Cotroceni \u00een parteneriat cu Arhivele Na\u021bionale ale Rom\u00e2niei prin filialele: SJAN Alba; SJAN Bistri\u021ba \u2013 N\u0103s\u0103ud; SJAN Bihor; SJAN Boto\u0219ani; SJAN Cara\u0219 \u2013 Severin; SJAN Cluj; SJAN Dolj; SJAN Ia\u0219i; SJAN Mehedin\u021bi; SJAN Sibiu; SJAN Suceava, beneficiind \u0219i de sprijinul colec\u021biei Sorin M\u0103rg\u0103rit.<\/p>\n\n\n\n<p class=\"wp-block-paragraph\">Expozi\u021bia poate fi vizitat\u0103, \u00een perioada 8 iulie \u2013 13 august 2023, \u00een cadrul turului complet al muzeului sau \u00een cadrul turului expozi\u021bional, de mar\u021bi p\u00e2n\u0103 duminic\u0103, \u00een intervalul orar 9.00-17.00, doar \u00een baza unei program\u0103ri prealabile, la adresa de e-mail vizitare@muzeulcotroceni.ro sau la numerele de telefon 021.317.31.07 \/ 0725.518.381.<\/p>\n\n\n\n<p class=\"wp-block-paragraph\">La intrarea \u00een muzeu se va prezenta un act de identitate \u00een original (C.I. sau pa\u0219aport).<\/p>\n\n\n\n<p class=\"wp-block-paragraph\"><strong><em>Parteneri media:<\/em><\/strong> TVR, Radio Rom\u00e2nia, Radio Rom\u00e2nia Cultural, Radio Rom\u00e2nia Actualit\u0103\u021bi, Radio Rom\u00e2nia Bucure\u0219ti FM, Rador, Agerpres, HISTORY Channel, HYP TV, Trinitas, Modernism, presadeazi.ro, Ordinea Zilei, PropagArta, Bucure\u0219ti Business.<\/p>\n\n\n\n<p class=\"wp-block-paragraph\">Serviciul Rela\u021bii Publice<\/p>\n\n\n\n<p class=\"wp-block-paragraph\">Muzeul Na\u021bional Cotroceni<\/p>","protected":false},"excerpt":{"rendered":"<p>Muzeul Na\u021bional Cotroceni verniseaz\u0103 vineri, 7 iulie 2023, ora 12.00, \u00een Spa\u021biile Medievale, expozi\u021bia foto-documentar\u0103 \u201eMerem la America!\u201d, aduc\u00e2nd \u00een aten\u021bia publicului istoria migra\u021biei rom\u00e2ne\u0219ti \u00een Statele Unite ale Americii, de la sf\u00e2r\u0219itul secolului al XIX-lea \u0219i p\u00e2n\u0103 la \u00eenceputul secolului al XX-lea. Expozi\u021bia spune povestea emigran\u021bilor rom\u00e2ni \u0219i a primelor comunit\u0103\u021bi rom\u00e2ne\u0219ti formate pe<\/p>","protected":false},"author":1,"featured_media":10570,"comment_status":"open","ping_status":"open","sticky":false,"template":"","format":"standard","meta":{"footnotes":""},"categories":[231],"tags":[],"class_list":["post-10569","post","type-post","status-publish","format-standard","has-post-thumbnail","category-stiri"],"_links":{"self":[{"href":"https:\/\/www.liberlaoferte.ro\/en\/wp-json\/wp\/v2\/posts\/10569","targetHints":{"allow":["GET"]}}],"collection":[{"href":"https:\/\/www.liberlaoferte.ro\/en\/wp-json\/wp\/v2\/posts"}],"about":[{"href":"https:\/\/www.liberlaoferte.ro\/en\/wp-json\/wp\/v2\/types\/post"}],"author":[{"embeddable":true,"href":"https:\/\/www.liberlaoferte.ro\/en\/wp-json\/wp\/v2\/users\/1"}],"replies":[{"embeddable":true,"href":"https:\/\/www.liberlaoferte.ro\/en\/wp-json\/wp\/v2\/comments?post=10569"}],"version-history":[{"count":0,"href":"https:\/\/www.liberlaoferte.ro\/en\/wp-json\/wp\/v2\/posts\/10569\/revisions"}],"wp:featuredmedia":[{"embeddable":true,"href":"https:\/\/www.liberlaoferte.ro\/en\/wp-json\/wp\/v2\/media\/10570"}],"wp:attachment":[{"href":"https:\/\/www.liberlaoferte.ro\/en\/wp-json\/wp\/v2\/media?parent=10569"}],"wp:term":[{"taxonomy":"category","embeddable":true,"href":"https:\/\/www.liberlaoferte.ro\/en\/wp-json\/wp\/v2\/categories?post=10569"},{"taxonomy":"post_tag","embeddable":true,"href":"https:\/\/www.liberlaoferte.ro\/en\/wp-json\/wp\/v2\/tags?post=10569"}],"curies":[{"name":"wp","href":"https:\/\/api.w.org\/{rel}","templated":true}]}}