{"id":10575,"date":"2022-11-12T18:41:00","date_gmt":"2022-11-12T16:41:00","guid":{"rendered":"https:\/\/www.liberlaoferte.ro\/?p=10575"},"modified":"2024-03-19T14:39:10","modified_gmt":"2024-03-19T12:39:10","slug":"forumul-merito-moldova-ateliere-experientiale-de-invatare-colaborativ","status":"publish","type":"post","link":"https:\/\/www.liberlaoferte.ro\/en\/forumul-merito-moldova-ateliere-experientiale-de-invatare-colaborativ\/","title":{"rendered":"Forumul MERITO Moldova \u2013 ateliere experien\u0163iale de \u00eenv\u0103\u0163are colaborativ"},"content":{"rendered":"<p class=\"wp-block-paragraph\">Edi\u0163ia a I-a, 18-19 noiembrie, Colegiul Na\u0163ional \u201cUnirea\u201d din Foc\u015fani<\/p>\n\n\n\n<p class=\"wp-block-paragraph\">Pe 18-19 noiembrie, profesorii din regiune sunt invita\u0163i la prima edi\u0163ie a Forumului MERITO Moldova, despre impact pozitiv \u00een sala de clas\u0103, desf\u0103\u015furat fizic la Foc\u015fani. Participarea la forum este gratuit\u0103 \u015fi deschis\u0103 profesorilor din \u00eenv\u0103\u0163\u0103m\u00e2ntul primar, gimnazial \u015fi liceal, din toat\u0103 \u0163ara, \u00een limita celor ~250 de locuri disponibile, \u00een ordinea \u00eenscrierilor, cu participare fizic\u0103, la Foc\u015fani:&nbsp;<a href=\"https:\/\/l.facebook.com\/l.php?u=https%3A%2F%2Fforms.gle%2Fmyj5V2UJkgoeUhAe9%3Ffbclid%3DIwAR0qdPZYzJQYGY-Smvf6VDHQpMw1wmqRS9D04FnNTKphL8FO4ttuWQhDVk8&amp;h=AT0Ca1ho4eF6GoXYlHpbgSmkZiHfVkOXFQiQFGi1Hh3whWe5rhO_OuDKQqzcmSWsXK7980c26LRiEmz-ZqWxfVQnxRx0SroyMCwlRjVyGelMm_XzQrkf_xv-S4mjxAy9E2rD&amp;__tn__=q&amp;c%5b0%5d=AT26nAkPhuIEkvkVGdtgfjUBliBn6olqwaWuT_FyEqivCy8Jri29LPjlAp_3vSH5RfDxVwbIvNICpXqXmYd18QslKbX3fY6aprWWJuSQkXuzpc6xyr6eFRsV3ugUWscIn0Nc7Wxb4PAdzrLXIT6l32lU6foT\" target=\"_blank\" rel=\"noreferrer noopener\">https:\/\/forms.gle\/myj5V2UJkgoeUhAe9<\/a>.<\/p>\n\n\n\n<p class=\"wp-block-paragraph\">Atelierele practice pentru profesori din cadrul Forumului vor fi organizate tematic, pe 4 direc\u0163ii:<\/p>\n\n\n\n<p class=\"wp-block-paragraph\">\u00a0Limba \u015fi Literatura Rom\u00e2n\u0103; (Storytelling, Reflexivitate, Scriere creativ\u0103);<br>\u00a0 \u00a0Matematic\u0103 (provoc\u0103ri, platforme, evaluare);<br>\u00a0 \u00a0Dirigen\u0163ie, consiliere \u015fi orientare \u015fi alte discipline (Elevi \u201edificili\u201d, s\u0103n\u0103tatea mentala a profesorului \u2013 provoc\u0103ri \u015fi bune practici);<br>\u00a0  \u00cenv\u0103\u0163\u0103m\u00e2nt primar (\u201eGamificare\u201d, Matematic, LLR, resurse, abord\u0103ri).<br><br>Organizatorii Forumului propun activit\u0103\u021bi interactive, \u00een care vor prezenta \u015fi explora metode \u015fi activit\u0103\u021bi practice, teorii din domeniul educa\u021bional, idei, c\u0103r\u021bi \u0219i alte resurse de inspira\u0163ie. Inten\u0163ioneaz\u0103, de asemenea, ca acest Forum s\u0103 fie un spa\u0163iu de crea\u0163ie \u015fi \u00eenv\u0103\u0163are \u00eempreun\u0103 cu profesorii participan\u0163i, cu efecte pe termen lung. \u00cen acest sens, profesorii participan\u0163i vor interac\u0163iona \u00een cadrul atelierelor cu colegi de aceea\u015fi specialitate, iar fiecare atelier se va \u00eencheia cu o tem\u0103 de lucru (\u201epe loc\u201d sau ulterior Forumului). Creeaz\u0103 astfel un spa\u0163iu \u00een care participan\u0163ii \u00ee\u015fi pot publica exerci\u0163iile, temele, metodele sau activit\u0103\u0163ile g\u00e2ndite \u00eentr-o bro\u015fur\u0103 (cu ISSN) cu aceste teme de lucru, ce va fi publicat\u0103 dup\u0103 Forum \u015fi utilizat\u0103 la edi\u0163iile viitoare, pentru o oglind\u0103 a evenimentului, implic\u0103rii \u015fi \u00eenv\u0103\u0163\u0103rii profesorilor.<\/p>\n\n\n\n<p class=\"wp-block-paragraph\">Programul Forumului (poate suferi modific\u0103ri de detalii) la Colegiul Na\u0163ional \u201eUnirea\u201d din Foc\u015fani:<br>Atelierele de \u00eenv\u0103\u0163are de la profesori pentru profesori, sunt structurate pe cele 4 materii \/ arii \u015fi se vor desf\u0103\u015fura \u00een paralel, facilitate de profesorii lista\u0163i mai jos, cu num\u0103rul de participan\u0163i \/ atelier, astfel:<br>\u00a0   Limba \u015fi Literatura Rom\u00e2n\u0103 \u2013 30-35 de participan\u0163i;<br>\u00a0   Matematic\u0103 \u2013 30-35 de participan\u0163i;<br>\u00a0   Dirigen\u0163ie, consiliere \u015fi orientare \u015fi alte discipline \u2013 30-35 de participan\u0163i;<br>\u00a0   \u00cenv\u0103\u0163\u0103m\u00e2nt primar \u2013 >150 de participan\u0163i;<br><br><strong>Vineri, 18 noiembrie:<br><\/strong> \u00a015:30-16:00: Sosirea, primirea \u015fi \u00eenregistrarea participan\u0163ilor, socializare \u015fi networking pentru Educa\u0163ie de calitate;<br>\u00a016:00-17:00: Deschidere, bun venit \u015fi introducere eveniment \u015fi context educa\u0163ional<br>\u00a0Panel pe tema Forumului \u015fi de introducere a atelierelor, cu profesorii MERITO facilitatori de ateliere;<br>\u00a017:00-18:30: Sesiune plenar\u0103: Doru C\u0103st\u0103ian, profesor de \u015etiin\u0163e Socio-Umane, de liceu, la Gala\u0163i \u2013 Despre etic\u0103 \u015fi miza ei pedagogic\u0103<\/p>\n\n\n\n<p class=\"wp-block-paragraph\"><strong>S\u00e2mb\u0103t\u0103, 19 noiembrie:<br><\/strong> &nbsp;9:00-9:30: Sosirea, primirea \u015fi \u00eenregistrarea participan\u0163ilor, socializare \u015fi networking pentru Educa\u0163ie de calitate;<br><strong>Ateliere de \u00eenv\u0103\u0163are colaborativ\u0103, de la profesori pentru profesori, \u00een paralel:<\/strong><\/p>\n\n\n\n<p class=\"wp-block-paragraph\"><strong>Limba \u015fi Literatura Rom\u00e2n\u0103:<br><\/strong> &nbsp;9.30-12.30 Atelier de scriere creativ\u0103. Taton\u0103ri ale poeziei contemporane (Gimnaziu-Liceu) \u2013 Nicoleta \u015fi Emil Munteanu, profesori la Colegiul Na\u0163ional Ia\u015fi<br>&nbsp;12:30-14:00: Pauz\u0103 de pr\u00e2nz (nu asigur\u0103m masa de pr\u00e2nz!);<br>&nbsp;14:00-15:30: Atelier interactiv de storytelling \u0219i exerci\u021bii de reflexivitate \u2013 C\u0103t\u0103lina Popa, profesoar\u0103 la Colegiul Na\u0163ional \u201eVasile Alecsandri\u201d din Gala\u0163i;<br>&nbsp;15:30-16:00: Pauz\u0103 de cafea<br>&nbsp;16:00-17:30: Oricine poate scrie poezie. Metoda \u201eciocnirii paradigmelor\u201d + Ce se \u00eent\u00e2mpl\u0103 dac\u0103 punem computerul s\u0103 citeasc\u0103 ni\u0219te clasici pentru noi? \u2013 Costi Rogozanu, profesor la Colegiul Na\u0163ional \u201eUnirea\u201d din Foc\u015fani;<\/p>\n\n\n\n<p class=\"wp-block-paragraph\"><strong>Matematic\u0103:<br><\/strong> &nbsp;9.30-12.30 Platforma EduAS + Utilizarea unor programe \/ site-uri la orele de matematic\u0103 \u2013 C\u0103t\u0103lin \u015fi Gabriel Ciupal\u0103, profesori, de liceu, \u00een Bra\u015fov;<br>&nbsp;12:30-14:00: Pauz\u0103 de pr\u00e2nz (nu asigur\u0103m masa de pr\u00e2nz!);<br>&nbsp;14:00-15:30: Momente din lec\u021bii de matematic\u0103 de gimnaziu, din perspectiv\u0103 creativ\u0103 \u2013 Liliana Ol\u0103ra\u015fu, profesoar\u0103 la \u015ecoala Gimnazial\u0103 \u201eVasile Conta\u201d din Ia\u015fi;<\/p>\n\n\n\n<p class=\"wp-block-paragraph\"><strong>Dirigen\u0163ie, consiliere \u015fi orientare \u015fi alte discipline:<br><\/strong> &nbsp;9.30-12.30: Utilizarea artelor combinate \u00een sala de clas\u0103 pentru reducerea anxiet\u0103\u021bii la elevii \u201edificili\u201d- atelier colorat \u0219i interactiv pentru profesorii dirigin\u021bi + \u015ecoala- Un spa\u0163iu PRO s\u0103n\u0103tate mentala?! \u2013 Iulia M\u0103nd\u0103\u015fescu \u015fi Antonela Samson, profesoare pentru \u00eenv\u0103\u0163\u0103m\u00e2ntul special la \u015ecoala Gimnazial\u0103 Special\u0103 pentru Surzi nr. 1 din Bucure\u015fti;<br>&nbsp;12:30-14:00: Pauz\u0103 de pr\u00e2nz (nu asigur\u0103m masa de pr\u00e2nz!);<br>&nbsp;14:00-15:30: Abord\u0103ri eficiente ale elevului \u201edificil\u201d \u00een activit\u0103\u021bile didactice de zi cu zi \u2013 Livia Manca\u015f, profesoar\u0103 pentru \u00eenv\u0103\u0163\u0103m\u00e2ntul special la \u015ecoala Gimnazial\u0103 Special\u0103 pentru Surzi nr. 1 din Bucure\u015fti;<\/p>\n\n\n\n<p class=\"wp-block-paragraph\"><strong>\u00cenv\u0103\u0163\u0103m\u00e2nt primar:<br><\/strong> &nbsp;9.30-12.30: QUEST \u2013 Quality Essential Skills for Teachers in Online Learning \u2013 Alina Hoar\u0103 \u015fi Adina Stratulat, profesoare pentru \u00eenv\u0103\u0163\u0103m\u00e2ntul primar \u00een Sibiu, respectiv B\u00e2rlad;<br>&nbsp;12:30-14:00: Pauz\u0103 de pr\u00e2nz (nu asigur\u0103m masa de pr\u00e2nz!);<br>&nbsp;14:00-15:30: Abordarea creativ\u0103 a textului literar \u2013 Laura Piros, profesoar\u0103 pentru \u00eenv\u0103\u0163\u0103m\u00e2ntul primar la \u015ecoala Gimnazial\u0103 nr. 6 \u201eIacob Mure\u015fianu\u201d din Bra\u015fov;<br>&nbsp;15:30-16:00: Pauz\u0103 de cafea<br>&nbsp;16:00-17:30: Matematica \u00een joac\u0103 \u2013 Ema Patrichi, profesoar\u0103 pentru \u00eenv\u0103\u0163\u0103m\u00e2ntul primar la \u015ecoala Gimnazial\u0103 Dacia din T\u00e2rgu Mure\u015f;<\/p>\n\n\n\n<p class=\"wp-block-paragraph\"><strong><\/strong><strong>&nbsp;17:30-18:00: Concluzii, feedback, pa\u015fi urm\u0103tori \u015fi \u00eenchiderea Forumului MERITO Moldova.<\/strong><br>\u2014<br>Participarea la Forum este gratuit\u0103 pentru profesori din \u00eenv\u0103\u0163\u0103m\u00e2ntul preuniversitar prin completarea acestui formular de \u00eenscriere:&nbsp;<a href=\"https:\/\/forms.gle\/myj5V2UJkgoeUhAe9?fbclid=IwAR12LQlhJaCjcvGIOAQzr395KuXO5SDHkhwGfU-sCeeGpWW2Wm0fssmEWww\" target=\"_blank\" rel=\"noreferrer noopener\">https:\/\/forms.gle\/myj5V2UJkgoeUhAe9<\/a>.<br>Detaliile complete ale Forumului vor fi transmise dup\u0103 procesarea \u00eenscrierilor \u015fi alocarea pe grupe de ateliere, \u00een apropierea evenimentului, pe adresa de email furnizat\u0103 prin acest formular.<\/p>\n\n\n\n<p class=\"wp-block-paragraph\">Prima edi\u0163ie a Forumului MERITO Moldova este organizat\u0103 de profesorii din comunitatea MERITO:<br>\u00a0   Liliana Grigoriu, profesoar\u0103 de Fizic\u0103 la Colegiul Na\u0163ional \u201eUnirea\u201d, Foc\u015fani;<br>\u00a0   Corina Ciucu, profesoar\u0103 de Biologie la Colegiul Na\u0163ional \u201eUnirea\u201d, Foc\u015fani;<br>   Ana-Maria Rusu, profesoar\u0103 de Educa\u0163ie muzical\u0103 la Colegiul Na\u0163ional \u201eUnirea\u201d,               Foc\u015fani;<br>\u00a0  M\u0103d\u0103lin Ghiuler, profesor de Matematica la Liceul cu Program Sportiv, Foc\u015fani<br>\u00eempreun\u0103 cu colegii profesori din comunitate facilitatori de ateliere, men\u0163iona\u0163i mai sus, \u00een parteneriat cu Colegiul Na\u0163ional \u201eUnirea\u201d din Foc\u015fani;<\/p>\n\n\n\n<p class=\"wp-block-paragraph\">Parteneri ai Forumului MERITO Moldova: Inspectoratul \u0218colar Jude\u021bean Vrancea; platforma Mai Mult\u0103 Educa\u0163ie Muzical\u0103 \u00een \u015ecoli \u015fi Gr\u0103dini\u0163e;\u00a0www.edumuzicala.ro; \u015etiin\u0163escu HUB Sibiu; Asocia\u0163ia pentru Motiva\u0163ie \u00een Psihoeduca\u0163ie; ALECART;<br>Sponsori ai Forumului MERITO Moldova: FAN Courier; Bohema Magic Garden; Proiectul MERITO este o cauz\u0103 de transformare a meseriei de profesor, \u00een sensul de a o recredibiliza, prin recunoa\u015fterea dasc\u0103lilor valoro\u015fi, \u015fi a o profesionaliza, prin propagarea expertizei lor \u00een breasla de cadre didactice (www.merito.ro) \u2013 un proiect al Funda\u0163iei Romanian Business Leaders (www.rbls.ro).<br>Parteneri strategici ai proiectului MERITO, pentru transformarea meseriei de profesor \u00een Rom\u00e2nia: Bitdefender; Dedeman; Axxess Capital \u015fi RomWaste Solutions; Google Rom\u00e2nia<\/p>","protected":false},"excerpt":{"rendered":"<p>Edi\u0163ia a I-a, 18-19 noiembrie, Colegiul Na\u0163ional \u201cUnirea\u201d din Foc\u015fani Pe 18-19 noiembrie, profesorii din regiune sunt invita\u0163i la prima edi\u0163ie a Forumului MERITO Moldova, despre impact pozitiv \u00een sala de clas\u0103, desf\u0103\u015furat fizic la Foc\u015fani. Participarea la forum este gratuit\u0103 \u015fi deschis\u0103 profesorilor din \u00eenv\u0103\u0163\u0103m\u00e2ntul primar, gimnazial \u015fi liceal, din toat\u0103 \u0163ara, \u00een limita<\/p>","protected":false},"author":1,"featured_media":10576,"comment_status":"open","ping_status":"open","sticky":false,"template":"","format":"standard","meta":{"footnotes":""},"categories":[122,1,231],"tags":[],"class_list":["post-10575","post","type-post","status-publish","format-standard","has-post-thumbnail","category-articole-premium","category-liber-la-oferte","category-stiri"],"_links":{"self":[{"href":"https:\/\/www.liberlaoferte.ro\/en\/wp-json\/wp\/v2\/posts\/10575","targetHints":{"allow":["GET"]}}],"collection":[{"href":"https:\/\/www.liberlaoferte.ro\/en\/wp-json\/wp\/v2\/posts"}],"about":[{"href":"https:\/\/www.liberlaoferte.ro\/en\/wp-json\/wp\/v2\/types\/post"}],"author":[{"embeddable":true,"href":"https:\/\/www.liberlaoferte.ro\/en\/wp-json\/wp\/v2\/users\/1"}],"replies":[{"embeddable":true,"href":"https:\/\/www.liberlaoferte.ro\/en\/wp-json\/wp\/v2\/comments?post=10575"}],"version-history":[{"count":0,"href":"https:\/\/www.liberlaoferte.ro\/en\/wp-json\/wp\/v2\/posts\/10575\/revisions"}],"wp:featuredmedia":[{"embeddable":true,"href":"https:\/\/www.liberlaoferte.ro\/en\/wp-json\/wp\/v2\/media\/10576"}],"wp:attachment":[{"href":"https:\/\/www.liberlaoferte.ro\/en\/wp-json\/wp\/v2\/media?parent=10575"}],"wp:term":[{"taxonomy":"category","embeddable":true,"href":"https:\/\/www.liberlaoferte.ro\/en\/wp-json\/wp\/v2\/categories?post=10575"},{"taxonomy":"post_tag","embeddable":true,"href":"https:\/\/www.liberlaoferte.ro\/en\/wp-json\/wp\/v2\/tags?post=10575"}],"curies":[{"name":"wp","href":"https:\/\/api.w.org\/{rel}","templated":true}]}}