{"id":11074,"date":"2023-09-18T11:28:05","date_gmt":"2023-09-18T08:28:05","guid":{"rendered":"https:\/\/www.liberlaoferte.ro\/?p=11074"},"modified":"2023-09-18T11:31:05","modified_gmt":"2023-09-18T08:31:05","slug":"scoala-tehnica-holcim-anunta-deschiderea-celei-de-a-doua-editii-si-pregateste-o-noua-generatie-de-tehnicieni-in-constructii","status":"publish","type":"post","link":"https:\/\/www.liberlaoferte.ro\/en\/scoala-tehnica-holcim-anunta-deschiderea-celei-de-a-doua-editii-si-pregateste-o-noua-generatie-de-tehnicieni-in-constructii\/","title":{"rendered":"\u0218coala Tehnic\u0103 Holcim anun\u021b\u0103 deschiderea celei de-a doua edi\u021bii \u0219i preg\u0103te\u0219te o nou\u0103 genera\u021bie de tehnicieni \u00een construc\u021bii"},"content":{"rendered":"<p class=\"wp-block-paragraph\">\u0218coala Tehnic\u0103 Holcim preg\u0103te\u0219te a doua genera\u021bie de tehnicieni \u00een construc\u021bii. 18 tineri absolven\u021bi de liceu, din totalul de candida\u021bi \u00eenscri\u0219i \u0219i examina\u021bi, au fost selecta\u021bi pentru a urma cursurile \u0218colii Tehnice Holcim din Ale\u0219d, jude\u021bul Bihor, un program educa\u021bional dedicat preg\u0103tirii unei noi genera\u021bii de profesioni\u0219ti.<\/p>\n\n\n\n<p class=\"wp-block-paragraph\">Dezvoltat\u0103 \u00een parteneriat cu Colegiul Tehnic Alexandru Roman din Ale\u0219d, acreditat\u0103 \u0219i recunoscut\u0103 de Ministerul Muncii \u0219i Educa\u021biei din Rom\u00e2nia, \u0218coala Tehnic\u0103 Holcim este un program de \u0219colarizare complet gratuit, cu o curricul\u0103 care cuprinde at\u00e2tateliere tehnice, c\u00e2t \u0219i practice.<\/p>\n\n\n\n<p class=\"wp-block-paragraph\"><em>\u201e\u0218coala Tehnic\u0103 Holcim este unul dintre cele mai ambi\u021bioase programe de educa\u021bionale ale Holcim \u00een Rom\u00e2nia, cu ajutorul c\u0103ruia contribuim la dezvoltarea genera\u021biilor viitoare de profesioni\u0219ti \u00een construc\u021bii. Este un proiect care evolueaz\u0103 de la an la an \u0219i prin care reu\u0219im s\u0103 le insufl\u0103m tinerilor pasiunea pentru industria noastr\u0103, dar \u0219i valori s\u0103n\u0103toase pentru un \u00eenceput de carier\u0103. Am atras al\u0103turi de noi tineri dornici s\u0103 creasc\u0103, s\u0103 inoveze \u0219i s\u0103 fac\u0103 performan\u021b\u0103, al\u0103turi de care ne bucur\u0103m s\u0103 construim viitorul Holcim \u00een Rom\u00e2nia.\u201d <\/em>sus\u021bine <strong>M\u0103d\u0103lina Cr\u0103ciunescu &#8211; Director Resurse Umane \u0219i Organiza\u021bie Holcim Rom\u00e2nia.<\/strong><\/p>\n\n\n\n<p class=\"wp-block-paragraph\">Elevii vor \u00eenv\u0103\u021ba \u0219i \u00ee\u0219i vor dezvolta \u00een urm\u0103torii doi ani abilit\u0103\u021bi \u0219i competen\u021be esen\u021biale despre procesul de fabricare a cimentului, mentenan\u021b\u0103 mecanic\u0103, preventiv\u0103 \u0219i electric\u0103, standarde \u0219i controlul calit\u0103\u021bii, tehnologia prefabricatelor, precum \u0219i SSM \u0219i mediu, iar la finalul programului vor fi angaja\u021bi \u00een una dintre loca\u021biile Grupului Holcim Rom\u00e2nia.<\/p>\n\n\n\n<p class=\"wp-block-paragraph\"><em>\u201eCu fiecare genera\u021bie de elevi care \u00ee\u0219i doresc s\u0103 se descopere \u0219i s\u0103 g\u0103seasc\u0103 o surs\u0103 de motiva\u021bie \u00een ceea ce \u00ee\u0219i doresc de la via\u021b\u0103, se arat\u0103 un viitor de succes al \u0218colii Tehnice Holcim. Suntem m\u00e2ndri s\u0103 vedem c\u0103 un vis devine realitate. Faptul c\u0103 am pornit \u0219i cu cea de-a doua genera\u021bie de viitori tehnicieni \u00een industria construc\u021biilor demonstreaz\u0103 c\u0103 lucrurile merg \u00een direc\u021bia corect\u0103. Vreau s\u0103 le doresc mult succes \u0219i \u00eei a\u0219tept\u0103m s\u0103 se al\u0103ture Grupului Holcim Rom\u00e2nia dup\u0103 finalizarea celor 2 ani de studii. Nu \u00een ultimul r\u00e2nd, felicit\u0103ri \u0219i absolven\u021bilor primei genera\u021bii, care deja fac parte din echipa Holcim!&#8221;<\/em><strong> <\/strong>a declarat <strong>Florin P\u0103curar &#8211; Director fabrica de ciment Holcim din Ale\u0219d.<\/strong><\/p>\n\n\n\n<p class=\"wp-block-paragraph\">Modulele practice vor fi realizate \u00een diverse divizii de business din cadrul Grupului Holcim Rom\u00e2nia, precum: ciment, betoane, prefabricate \u0219i agregate.<\/p>\n\n\n\n<p class=\"wp-block-paragraph\">Pe l\u00e2ng\u0103 programul de \u0219colarizare complet gratuit, Holcim le ofer\u0103 elevilor \u0219i cazare \u0219i mas\u0103, burse de merit, transport, echipament individual de protec\u021bie \u0219i toate materialele de studiu necesare pentru un cadru optim de \u00eenv\u0103\u021bare.<\/p>\n\n\n\n<p class=\"wp-block-paragraph\"><strong>Despre Holcim<\/strong><\/p>\n\n\n\n<p class=\"wp-block-paragraph\">Grupul de companii Holcim Rom\u00e2nia activeaz\u0103 \u00een zona produc\u021biei de materiale de construc\u021bii performante, av\u00e2nd ca principal obiectiv tranzi\u021bia c\u0103tre o afacere complet sustenabil\u0103, prin dezvoltarea unor produse cu amprent\u0103 de carbon c\u00e2t mai redus\u0103 \u0219i printr-o preocupare constant\u0103 pentru protec\u021bia mediului.&nbsp;<\/p>\n\n\n\n<p class=\"wp-block-paragraph\">Toate proiectele companiei lucreaz\u0103 \u00een sinergie pentru consumul responsabil de resurse naturale, utilizarea de tehnologii eficiente energetic, reducerea emisiilor, sc\u0103derea impactului din transport prin optimizarea traseelor de distribu\u021bie \u0219i prioritizarea mijloacelor cu consum redus de combustibil.<\/p>\n\n\n\n<p class=\"wp-block-paragraph\">Speciali\u0219tii Holcim dezvolt\u0103 materiale pentru viitor baz\u00e2ndu-se pe inova\u021bie \u0219i digitalizare, av\u00e2nd ca principali vectori responsabilitatea social\u0103 \u0219i fa\u021b\u0103 de mediu, pentru comunit\u0103\u021bi mai sustenabile, \u00eentr-o economie circular\u0103. \u00cen total, Grupul Holcim Rom\u00e2nia are aproximativ 2000 de angaja\u021bi.<\/p>","protected":false},"excerpt":{"rendered":"<p>\u0218coala Tehnic\u0103 Holcim preg\u0103te\u0219te a doua genera\u021bie de tehnicieni \u00een construc\u021bii. 18 tineri absolven\u021bi de liceu, din totalul de candida\u021bi \u00eenscri\u0219i \u0219i examina\u021bi, au fost selecta\u021bi pentru a urma cursurile \u0218colii Tehnice Holcim din Ale\u0219d, jude\u021bul Bihor, un program educa\u021bional dedicat preg\u0103tirii unei noi genera\u021bii de profesioni\u0219ti. Dezvoltat\u0103 \u00een parteneriat cu Colegiul Tehnic Alexandru Roman<\/p>","protected":false},"author":1,"featured_media":11075,"comment_status":"open","ping_status":"open","sticky":false,"template":"","format":"standard","meta":{"footnotes":""},"categories":[231],"tags":[],"class_list":["post-11074","post","type-post","status-publish","format-standard","has-post-thumbnail","category-stiri"],"_links":{"self":[{"href":"https:\/\/www.liberlaoferte.ro\/en\/wp-json\/wp\/v2\/posts\/11074","targetHints":{"allow":["GET"]}}],"collection":[{"href":"https:\/\/www.liberlaoferte.ro\/en\/wp-json\/wp\/v2\/posts"}],"about":[{"href":"https:\/\/www.liberlaoferte.ro\/en\/wp-json\/wp\/v2\/types\/post"}],"author":[{"embeddable":true,"href":"https:\/\/www.liberlaoferte.ro\/en\/wp-json\/wp\/v2\/users\/1"}],"replies":[{"embeddable":true,"href":"https:\/\/www.liberlaoferte.ro\/en\/wp-json\/wp\/v2\/comments?post=11074"}],"version-history":[{"count":0,"href":"https:\/\/www.liberlaoferte.ro\/en\/wp-json\/wp\/v2\/posts\/11074\/revisions"}],"wp:featuredmedia":[{"embeddable":true,"href":"https:\/\/www.liberlaoferte.ro\/en\/wp-json\/wp\/v2\/media\/11075"}],"wp:attachment":[{"href":"https:\/\/www.liberlaoferte.ro\/en\/wp-json\/wp\/v2\/media?parent=11074"}],"wp:term":[{"taxonomy":"category","embeddable":true,"href":"https:\/\/www.liberlaoferte.ro\/en\/wp-json\/wp\/v2\/categories?post=11074"},{"taxonomy":"post_tag","embeddable":true,"href":"https:\/\/www.liberlaoferte.ro\/en\/wp-json\/wp\/v2\/tags?post=11074"}],"curies":[{"name":"wp","href":"https:\/\/api.w.org\/{rel}","templated":true}]}}