{"id":11427,"date":"2023-11-01T15:25:00","date_gmt":"2023-11-01T13:25:00","guid":{"rendered":"https:\/\/www.liberlaoferte.ro\/?p=11427"},"modified":"2024-01-18T15:29:20","modified_gmt":"2024-01-18T13:29:20","slug":"proiectul-brasov-art-stories-initiat-de-muzeul-de-arta-brasov-a-ajuns-la-final","status":"publish","type":"post","link":"https:\/\/www.liberlaoferte.ro\/en\/proiectul-brasov-art-stories-initiat-de-muzeul-de-arta-brasov-a-ajuns-la-final\/","title":{"rendered":"Proiectul Bra\u0219ov Art Stories ini\u021biat de Muzeul de Art\u0103 Bra\u0219ov a ajuns la final"},"content":{"rendered":"<p class=\"wp-block-paragraph\"><strong>Titlul:<\/strong> \u201eBra\u0219ov Art Stories\u201d<\/p>\n\n\n\n<p class=\"wp-block-paragraph\"><strong>Organizator:<\/strong> Muzeul de Art\u0103 Bra\u0219ov<\/p>\n\n\n\n<p class=\"wp-block-paragraph\"><strong>Parteneri: <\/strong>Liceul Voca\u021bional de Arte Plastice \u201eHans Mattis-Teutsch\u201d, Asocia\u021bia Cultural\u0103 KunSTadt, Asocia\u021bia Depoul de Art\u0103 Urban\u0103<\/p>\n\n\n\n<p class=\"wp-block-paragraph\"><strong>Locul desf\u0103\u0219ur\u0103rii:<\/strong> Muzeul de Art\u0103 Bra\u0219ov, B-dul Eroilor nr. 21; Parcul Nicolae Titulescu<\/p>\n\n\n\n<p class=\"wp-block-paragraph\">Proiectul \u201eBra\u0219ov Art Stories\u201d a adus 13 arti\u0219ti bra\u0219oveni consacra\u021bi mai aproape de public \u0219i a scos Muzeul de Art\u0103 Bra\u0219ov \u00een afara zidurilor prin intermediul activit\u0103\u021bilor de cercetare, tururi ghidate urbane, proiec\u021bii de video mapping \u0219i o expozi\u021bie \u00een aer liber.<\/p>\n\n\n\n<p class=\"wp-block-paragraph\"><em>\u201eProiectul <\/em><em>\u2018<\/em><em>Bra\u0219ov Art Stories\u2019 a adoptat o abordare comprehensiv\u0103, aduc\u00e2nd \u00eempreun\u0103 pove\u0219ti despre arti\u0219tii bra\u0219oveni semnificativi din secolele XIX \u0219i XX, proiec\u021bii video-mapping, opere de art\u0103 create de elevi \u0219i tururi interactive urbane. Aceast\u0103 combina\u021bie de metode a f\u0103cut cultura \u0219i arta mai accesibile \u0219i mai atr\u0103g\u0103toare pentru toat\u0103 lumea, contribuind la o mai bun\u0103 \u00een\u021belegere a istoriei artei din Bra\u0219ov \u0219i consolid\u00e2nd sentimentul de apartenen\u021b\u0103 la identitatea cultural\u0103 \u0219i valorile locale. Av\u00e2nd \u00een centru patrimonial Muzeului de Art\u0103 Bra\u0219ov, proiectul a reu\u0219it s\u0103 aduc\u0103 \u00een prim-plan bog\u0103\u021bia artistic\u0103 \u0219i cultural\u0103 a ora\u0219ului \u0219i s\u0103 implice comunitatea \u00een explorarea \u0219i promovarea acestei mo\u0219teniri culturale locale\u201d<\/em>, poveste\u0219te Bianca-Maria B\u0103l\u0219an, managerul Muzeului de Art\u0103 Bra\u0219ov.<\/p>\n\n\n\n<p class=\"wp-block-paragraph\">Speciali\u0219tii muzeului au selectat pentru acest proiect 13 arti\u0219ti bra\u0219oveni cu opere de art\u0103 aflate \u00een colec\u021bia Muzeului de Art\u0103 Bra\u0219ov, pentru a fi prezenta\u021bi publicului. Ace\u0219tia sunt: Mi\u0219u Popp (1827-1892), Friedrich Miess (1854-1935), Elena Mure\u0219ianu (1862-1924), Elena Popea (1879-1941), Gustav Koll\u00e1r (1879-1970), Hans Eder (1883-1955), Hans Mattis-Teutsch (1884-1960), Hermann Morres (1885-1971), Margarete Depner (1885-1970), Valeriu Maximilian (1895-1945), Irina Luk\u00e1sz (1902-1985), Karl H\u00fcbner (1902-1981) \u0219i Friedrich von B\u00f6mches (1916-2010).<\/p>\n\n\n\n<p class=\"wp-block-paragraph\">Biografiile \u0219i operele celor 13 arti\u0219ti au fost aprofundate prin studiile realizate de dr. Radu Popica \u0219i drd. Andreea Pocol. Pe baza acestor cercet\u0103ri, disponibile \u0219i pe website-ul proiectului la adresa https:\/\/artstories.muzeulartabv.ro\/arhiva\/, 13 elevi ai Liceului Voca\u021bional de Arte Plastice \u201eHans Mattis Teutsch\u201d Bra\u0219ov au realizat lucr\u0103ri de art\u0103, coordona\u021bi de prof. Manuela Zv\u00eec. Tinerii arti\u0219ti au participat la un atelier sus\u021binut de dr. Radu Popica \u00een care le-a fost prezentat proeictul \u0219i activitatea artistic\u0103 a arti\u0219tilor selecta\u021bi. Pe l\u00e2ng\u0103 informa\u021biile despre biografii \u0219i cariere, elevii au avut ocazia s\u0103 vad\u0103 lucr\u0103rile de art\u0103 aflate \u00een colec\u021bia muzeului \u0219i s\u0103 le observe cu aten\u021bie pentru a se inspira \u00een propriile lor lucr\u0103ri.<\/p>\n\n\n\n<p class=\"wp-block-paragraph\">Expozi\u021bia elevilor, al\u0103turi de pove\u0219tile celor 13 arti\u0219ti consacra\u021bi, a putut fi v\u0103zut\u0103 \u00een perioada 13-30 octombrie 2023 \u00een Parcul Nicolae Titulescu, \u00eentr-o expozi\u021bie \u00een aer liber disponibil\u0103 vizitatorilor \u0219i trec\u0103torilor \u00een mod gratuit \u0219i \u00een program non-stop.<\/p>\n\n\n\n<p class=\"wp-block-paragraph\">Elevii care au avut lucr\u0103ri \u00een expozi\u021bia \u201eBra\u0219ov Art Stories\u201d sunt: Sabina B\u0103rbat, Medeea Coman, Andreea-Denisa Li\u021bcanu, Andrea Mihaic\u0103, Eliza Munteanu, Drago\u0219 Negur\u0103, Iulia R\u0103dulescu, Natalia St\u0103nculescu, Drago\u0219-Toma Teodorescu, Sonia Tiurin, Andrei Andrie\u0219 Ursu, Alexandru Uveges, Andreea Vacaru.<\/p>\n\n\n\n<p class=\"wp-block-paragraph\">Biografiile arti\u0219tilor bra\u0219oveni, derivate din cercet\u0103ri \u0219i prezentate \u00een expozi\u021bie, au fost editate de Ana Moca-Grama \u0219i Alexandra Ilni\u021bchi-Ardelean.<\/p>\n\n\n\n<p class=\"wp-block-paragraph\">Tururile ghidate \u00een \u201eBra\u0219ovul arti\u0219tilor\u201d, conduse de drd. Andreea Pocol, au reprezentat adev\u0103rate v\u00e2n\u0103tori de comori. Traseul le-a dezv\u0103luit participan\u021bilor nenum\u0103rate aspecte mai pu\u021bin cunoscute despre arti\u0219tii bra\u0219oveni, a scos \u00een eviden\u021b\u0103 inspira\u021bia urban\u0103 transformat\u0103 \u00een opere de art\u0103 \u0219i a schimbat perspectiva asupra str\u0103zilor pe care le str\u0103bat zi de zi.<\/p>\n\n\n\n<p class=\"wp-block-paragraph\">\u00cencep\u00e2nd din anul 2024, oferta Muzeului de Art\u0103 Bra\u0219ov va cuprinde tururi ghidate urbane. La cerere \u0219i pe baz\u0103 de programare, publicul va putea redescoperi ora\u0219ul dintr-o perspectiv\u0103 artistic\u0103, \u0219i va cunoa\u0219te loca\u021biile care i-au inspirat pe arti\u0219tii bra\u0219oveni.<\/p>\n\n\n\n<p class=\"wp-block-paragraph\">Proiec\u021biile video mapping din 13-14 octombrie 2023 au \u00eembinat arhitectura, arta \u0219i muzica \u00eentr-un spectacol fascinant \u00een aer liber. Cl\u0103direa Muzeului de Art\u0103 Bra\u0219ov a fost suportul crea\u021biilor digitale, iar publicul a intrat \u00eentr-o leg\u0103tur\u0103 afectiv\u0103 cu personalitatea muzeului, pe baza operelor de art\u0103 vizual\u0103 \u0219i sunet. Crea\u021bia video mapping a fost realizat\u0103 de H3 Creative Tech, iar echipamentul tehnic a fost asigurat de AUDIO VISUAL SERVICES.<\/p>\n\n\n\n<p class=\"wp-block-paragraph\">Toate resursele realizate \u00een proiect sunt disponibile pe website-ul https:\/\/artstories.muzeulartabv.ro creat de Contemporary Design Trends SRL, iar conceptul grafic al proiectului \u00eei apar\u021bine lui Andrei Carcea.<\/p>\n\n\n\n<p class=\"wp-block-paragraph\">Materialul video al proiectului, disponibil \u0219i pe canalul de Youtube al Muzeului de Art\u0103 Bra\u0219ov, a fost realizat de Kany\u00f3 Levi.<\/p>\n\n\n\n<p class=\"wp-block-paragraph\">Managerul de proiect al \u201eBra\u0219ov Art Stories\u201d a fost Bianca-Maria B\u0103l\u015fan.<\/p>\n\n\n\n<p class=\"wp-block-paragraph\">Le mul\u021bumim pe aceast\u0103 cale tuturor celor implica\u021bi \u00een proiect!<\/p>\n\n\n\n<p class=\"wp-block-paragraph\">Bra\u0219ov Art Stories a fost un proiect ini\u021biat de Muzeul de Art\u0103 Bra\u0219ov \u00een parteneriat cu Liceul Voca\u021bional de Arte Plastice \u201eHans Mattis-Teutsch\u201d, Asocia\u021bia Cultural\u0103 KunSTadt, Asocia\u021bia Depoul de Art\u0103 Urban\u0103 \u0219i finan\u021bat din bugetul Prim\u0103riei Municipiului Bra\u0219ov.<\/p>\n\n\n\n<p class=\"wp-block-paragraph\">Link-uri:<\/p>\n\n\n\n<p class=\"wp-block-paragraph\">Video Bra\u0219ov Art Stories: https:\/\/youtu.be\/SzeMRpziMVA?si=p8YYWkj0NDIgBCD9<\/p>\n\n\n\n<p class=\"wp-block-paragraph\">Website proiect: https:\/\/artstories.muzeulartabv.ro\/<\/p>\n\n\n\n<p class=\"wp-block-paragraph\">Urm\u0103ri\u021bi activitatea Muzeului de Art\u0103 Bra\u0219ov \u0219i pe platformele social media!<\/p>\n\n\n\n<p class=\"wp-block-paragraph\">Facebook: https:\/\/www.facebook.com\/MuzeulDeArtaBrasov<\/p>\n\n\n\n<p class=\"wp-block-paragraph\">Instagram: https:\/\/www.instagram.com\/muzeuldearta.brasov\/<\/p>\n\n\n\n<p class=\"wp-block-paragraph\">LinkedIn: https:\/\/www.linkedin.com\/company\/muzeul-de-arta-brasov\/<\/p>\n\n\n\n<p class=\"wp-block-paragraph\">Youtube: https:\/\/www.youtube.com\/@muzeuldearta.brasov<\/p>\n\n\n\n<p class=\"wp-block-paragraph\">Contact: Alexandra Ilni\u021bchi-Ardelean<\/p>\n\n\n\n<p class=\"wp-block-paragraph\">Referent de specialitate (Comunicare \u0219i Rela\u021bii Publice)<\/p>\n\n\n\n<p class=\"wp-block-paragraph\">E-mail: muzeuldeartabrasov@gmail.com<\/p>\n\n\n\n<p class=\"wp-block-paragraph\">Tel. 0773 870 353<\/p>","protected":false},"excerpt":{"rendered":"<p>Titlul: \u201eBra\u0219ov Art Stories\u201d Organizator: Muzeul de Art\u0103 Bra\u0219ov Parteneri: Liceul Voca\u021bional de Arte Plastice \u201eHans Mattis-Teutsch\u201d, Asocia\u021bia Cultural\u0103 KunSTadt, Asocia\u021bia Depoul de Art\u0103 Urban\u0103 Locul desf\u0103\u0219ur\u0103rii: Muzeul de Art\u0103 Bra\u0219ov, B-dul Eroilor nr. 21; Parcul Nicolae Titulescu Proiectul \u201eBra\u0219ov Art Stories\u201d a adus 13 arti\u0219ti bra\u0219oveni consacra\u021bi mai aproape de public \u0219i a scos<\/p>","protected":false},"author":1,"featured_media":11428,"comment_status":"open","ping_status":"open","sticky":false,"template":"","format":"standard","meta":{"footnotes":""},"categories":[231],"tags":[],"class_list":["post-11427","post","type-post","status-publish","format-standard","has-post-thumbnail","category-stiri"],"_links":{"self":[{"href":"https:\/\/www.liberlaoferte.ro\/en\/wp-json\/wp\/v2\/posts\/11427","targetHints":{"allow":["GET"]}}],"collection":[{"href":"https:\/\/www.liberlaoferte.ro\/en\/wp-json\/wp\/v2\/posts"}],"about":[{"href":"https:\/\/www.liberlaoferte.ro\/en\/wp-json\/wp\/v2\/types\/post"}],"author":[{"embeddable":true,"href":"https:\/\/www.liberlaoferte.ro\/en\/wp-json\/wp\/v2\/users\/1"}],"replies":[{"embeddable":true,"href":"https:\/\/www.liberlaoferte.ro\/en\/wp-json\/wp\/v2\/comments?post=11427"}],"version-history":[{"count":0,"href":"https:\/\/www.liberlaoferte.ro\/en\/wp-json\/wp\/v2\/posts\/11427\/revisions"}],"wp:featuredmedia":[{"embeddable":true,"href":"https:\/\/www.liberlaoferte.ro\/en\/wp-json\/wp\/v2\/media\/11428"}],"wp:attachment":[{"href":"https:\/\/www.liberlaoferte.ro\/en\/wp-json\/wp\/v2\/media?parent=11427"}],"wp:term":[{"taxonomy":"category","embeddable":true,"href":"https:\/\/www.liberlaoferte.ro\/en\/wp-json\/wp\/v2\/categories?post=11427"},{"taxonomy":"post_tag","embeddable":true,"href":"https:\/\/www.liberlaoferte.ro\/en\/wp-json\/wp\/v2\/tags?post=11427"}],"curies":[{"name":"wp","href":"https:\/\/api.w.org\/{rel}","templated":true}]}}