{"id":12422,"date":"2025-01-16T11:14:53","date_gmt":"2025-01-16T09:14:53","guid":{"rendered":"https:\/\/www.liberlaoferte.ro\/?p=12422"},"modified":"2025-01-16T11:23:07","modified_gmt":"2025-01-16T09:23:07","slug":"muzeul-national-cotroceni-deschis-pentru-public-in-data-de-24-ianuarie-2025","status":"publish","type":"post","link":"https:\/\/www.liberlaoferte.ro\/en\/muzeul-national-cotroceni-deschis-pentru-public-in-data-de-24-ianuarie-2025\/","title":{"rendered":"Muzeul Na\u021bional Cotroceni deschis pentru public \u00een data de 24 ianuarie 2025"},"content":{"rendered":"<p class=\"wp-block-paragraph\">Muzeul Na\u021bional Cotroceni <strong>va fi deschis pentru public<\/strong> <strong>\u00een data de 24 ianuarie 2025<\/strong>, cu prilejul anivers\u0103rii a <strong>166 de ani de la Unirea Principatelor Rom\u00e2ne<\/strong>, \u00eenf\u0103ptuit\u0103 de domnitorul Alexandru Ioan Cuza.<\/p>\n\n\n\n<p class=\"wp-block-paragraph\">Vizitatorii vor putea admira obiecte personale ce au apar\u021binut familiei Cuza, documente din epoc\u0103 (cum ar fi copia firmanului de recunoa\u0219tere din partea sultanului Abdul Aziz a dublei alegeri a lui Alexandru Ioan Cuza), fotografii, precum \u015fi sabia de parad\u0103 a domnitorului, d\u0103ruit\u0103 de principele s\u00e2rb Mihail Obrenovici. Lama poart\u0103 inscrip\u021bia \u201eAMICUS CERTUS IN RE INCERTA\u201d, m\u00e2nerul \u00eel \u00eenf\u0103\u021bi\u0219eaz\u0103 pe Sf. Andrei, la picioarele c\u0103ruia se afl\u0103 un leu \u015fi un vultur, simboliz\u00e2nd Serbia \u015fi Rom\u00e2nia, lupt\u00e2ndu-se cu un \u0219arpe, personificarea Imperiului Otoman. Teaca, terminat\u0103 printr-un cap de leu, este \u00eempodobit\u0103 cu sute de diamante \u015fi smaralde. Pe ea apar monogramele lui Alexandru Ioan Cuza \u015fi Mihail Obrenovici.<\/p>\n\n\n\n<p class=\"wp-block-paragraph\">Alexandru Ioan Cuza \u0219i so\u021bia lui, doamna Elena Cuza, au avut drept re\u0219edin\u021b\u0103 de var\u0103 palatul domnesc de la Cotroceni, pe care l-au reamenajat, \u00eencep\u00e2nd din 1862, prin repara\u021bii, dot\u0103ri, redecorarea interioarelor cu mobilier nou \u015fi obiecte ambientale \u00een stilurile la mod\u0103, unele provenite din manufacturi occidentale, \u00een special de la Paris.<\/p>\n\n\n\n<p class=\"wp-block-paragraph\"><strong>Vizitarea Muzeului Na\u021bional Cotroceni \u00een data de 24 ianuarie 2025<\/strong> se face doar \u00een baza unei program\u0103ri prealabile pe email la adresa vizitare@muzeulcotroceni.ro, sau la numerele de telefon 021-317.31.07 sau 0725.518.38, de luni p\u00e2n\u0103 vineri, \u00een intervalul orar 9.00-16.30.<\/p>\n\n\n\n<p class=\"wp-block-paragraph\"><strong>Copiii cu v\u00e2rsta sub 14 ani<\/strong> <strong>vor beneficia de intrare gratuit\u0103<\/strong>.<\/p>\n\n\n\n<p class=\"wp-block-paragraph\"><strong>La intrarea \u00een muzeu se va prezenta un act de identitate \u00een original (C.I. sau pa\u0219aport).<\/strong><\/p>\n\n\n\n<p class=\"wp-block-paragraph\"><strong><em>Parteneri media:<\/em><\/strong> TVR, Radio Rom\u00e2nia, Radio Rom\u00e2nia Cultural, Radio Rom\u00e2nia Actualit\u0103\u021bi, Radio Rom\u00e2nia Bucure\u0219ti FM, Rador, Agerpres, HISTORY Channel, HYP TV, Trinitas, Modernism, presadeazi.ro, Ordinea Zilei, PropagArta, Bucure\u0219ti Business.<\/p>\n\n\n\n<p class=\"wp-block-paragraph\">Serviciul Comunicare, Marketing \u0219i IT<\/p>\n\n\n\n<p class=\"wp-block-paragraph\">Muzeul Na\u021bional Cotroceni<\/p>\n\n\n\n<p class=\"wp-block-paragraph\"><\/p>","protected":false},"excerpt":{"rendered":"<p>Muzeul Na\u021bional Cotroceni va fi deschis pentru public \u00een data de 24 ianuarie 2025, cu prilejul anivers\u0103rii a 166 de ani de la Unirea Principatelor Rom\u00e2ne, \u00eenf\u0103ptuit\u0103 de domnitorul Alexandru Ioan Cuza. Vizitatorii vor putea admira obiecte personale ce au apar\u021binut familiei Cuza, documente din epoc\u0103 (cum ar fi copia firmanului de recunoa\u0219tere din partea<\/p>","protected":false},"author":1,"featured_media":12424,"comment_status":"open","ping_status":"closed","sticky":false,"template":"","format":"standard","meta":{"footnotes":""},"categories":[155,162,1,231],"tags":[307],"class_list":["post-12422","post","type-post","status-publish","format-standard","has-post-thumbnail","category-arta-cultura","category-comunicate-gratuite","category-liber-la-oferte","category-stiri","tag-muzeul-national-cotroceni-2"],"_links":{"self":[{"href":"https:\/\/www.liberlaoferte.ro\/en\/wp-json\/wp\/v2\/posts\/12422","targetHints":{"allow":["GET"]}}],"collection":[{"href":"https:\/\/www.liberlaoferte.ro\/en\/wp-json\/wp\/v2\/posts"}],"about":[{"href":"https:\/\/www.liberlaoferte.ro\/en\/wp-json\/wp\/v2\/types\/post"}],"author":[{"embeddable":true,"href":"https:\/\/www.liberlaoferte.ro\/en\/wp-json\/wp\/v2\/users\/1"}],"replies":[{"embeddable":true,"href":"https:\/\/www.liberlaoferte.ro\/en\/wp-json\/wp\/v2\/comments?post=12422"}],"version-history":[{"count":0,"href":"https:\/\/www.liberlaoferte.ro\/en\/wp-json\/wp\/v2\/posts\/12422\/revisions"}],"wp:featuredmedia":[{"embeddable":true,"href":"https:\/\/www.liberlaoferte.ro\/en\/wp-json\/wp\/v2\/media\/12424"}],"wp:attachment":[{"href":"https:\/\/www.liberlaoferte.ro\/en\/wp-json\/wp\/v2\/media?parent=12422"}],"wp:term":[{"taxonomy":"category","embeddable":true,"href":"https:\/\/www.liberlaoferte.ro\/en\/wp-json\/wp\/v2\/categories?post=12422"},{"taxonomy":"post_tag","embeddable":true,"href":"https:\/\/www.liberlaoferte.ro\/en\/wp-json\/wp\/v2\/tags?post=12422"}],"curies":[{"name":"wp","href":"https:\/\/api.w.org\/{rel}","templated":true}]}}